{"id":4772,"date":"2026-01-10T17:56:48","date_gmt":"2026-01-10T16:56:48","guid":{"rendered":"http:\/\/calvaire-hugo.net\/?p=4772"},"modified":"2026-01-10T17:59:21","modified_gmt":"2026-01-10T16:59:21","slug":"galette-des-rois-2","status":"publish","type":"post","link":"http:\/\/calvaire-hugo.net\/?p=4772","title":{"rendered":"GALETTE DES ROIS"},"content":{"rendered":"\n<div class=\"wp-block-image\"><figure class=\"aligncenter size-large\"><img loading=\"lazy\" width=\"400\" height=\"533\" src=\"http:\/\/calvaire-hugo.net\/wp-content\/uploads\/2026\/01\/galette-des-rois-2026-2.jpg\" alt=\"\" class=\"wp-image-4780\" srcset=\"http:\/\/calvaire-hugo.net\/wp-content\/uploads\/2026\/01\/galette-des-rois-2026-2.jpg 400w, http:\/\/calvaire-hugo.net\/wp-content\/uploads\/2026\/01\/galette-des-rois-2026-2-225x300.jpg 225w\" sizes=\"(max-width: 400px) 100vw, 400px\" \/><\/figure><\/div>\n\n\n\n<p class=\"has-light-orange-background-color has-background has-medium-font-size\"><strong>Vendredi 9 janvier 2026, Nicolas DARAGON, Maire de Valence, est venu partager (et m\u00eame servir !) la traditionnelle Galette des Rois au si\u00e8ge du Comit\u00e9 Calvaire-Hugo.<\/strong><\/p>\n\n\n\n<p class=\"has-yellow-background-color has-background has-medium-font-size\"><strong>Les nombreux adh\u00e9rents pr\u00e9sents ont vivement appr\u00e9ci\u00e9 la d\u00e9gustation, qui leur a permis de commencer l&rsquo;ann\u00e9e de la plus gourmande des fa\u00e7ons.<\/strong><\/p>\n","protected":false},"excerpt":{"rendered":"<p>Vendredi 9 janvier 2026, Nicolas DARAGON, Maire de Valence, est venu partager (et m\u00eame servir !) la traditionnelle Galette des Rois au si\u00e8ge du Comit\u00e9 Calvaire-Hugo. Les nombreux adh\u00e9rents pr\u00e9sents ont vivement appr\u00e9ci\u00e9 la d\u00e9gustation, qui leur a permis de commencer l&rsquo;ann\u00e9e de la plus gourmande des fa\u00e7ons.<\/p>\n","protected":false},"author":2,"featured_media":0,"comment_status":"open","ping_status":"open","sticky":false,"template":"","format":"standard","meta":[],"categories":[1],"tags":[],"_links":{"self":[{"href":"http:\/\/calvaire-hugo.net\/index.php?rest_route=\/wp\/v2\/posts\/4772"}],"collection":[{"href":"http:\/\/calvaire-hugo.net\/index.php?rest_route=\/wp\/v2\/posts"}],"about":[{"href":"http:\/\/calvaire-hugo.net\/index.php?rest_route=\/wp\/v2\/types\/post"}],"author":[{"embeddable":true,"href":"http:\/\/calvaire-hugo.net\/index.php?rest_route=\/wp\/v2\/users\/2"}],"replies":[{"embeddable":true,"href":"http:\/\/calvaire-hugo.net\/index.php?rest_route=%2Fwp%2Fv2%2Fcomments&post=4772"}],"version-history":[{"count":6,"href":"http:\/\/calvaire-hugo.net\/index.php?rest_route=\/wp\/v2\/posts\/4772\/revisions"}],"predecessor-version":[{"id":4783,"href":"http:\/\/calvaire-hugo.net\/index.php?rest_route=\/wp\/v2\/posts\/4772\/revisions\/4783"}],"wp:attachment":[{"href":"http:\/\/calvaire-hugo.net\/index.php?rest_route=%2Fwp%2Fv2%2Fmedia&parent=4772"}],"wp:term":[{"taxonomy":"category","embeddable":true,"href":"http:\/\/calvaire-hugo.net\/index.php?rest_route=%2Fwp%2Fv2%2Fcategories&post=4772"},{"taxonomy":"post_tag","embeddable":true,"href":"http:\/\/calvaire-hugo.net\/index.php?rest_route=%2Fwp%2Fv2%2Ftags&post=4772"}],"curies":[{"name":"wp","href":"https:\/\/api.w.org\/{rel}","templated":true}]}}