{"id":4751,"date":"2025-12-01T09:55:21","date_gmt":"2025-12-01T08:55:21","guid":{"rendered":"http:\/\/calvaire-hugo.net\/?p=4751"},"modified":"2025-12-01T09:55:21","modified_gmt":"2025-12-01T08:55:21","slug":"assemblee-generale-2","status":"publish","type":"post","link":"http:\/\/calvaire-hugo.net\/?p=4751","title":{"rendered":"Assembl\u00e9e G\u00e9n\u00e9rale"},"content":{"rendered":"\n<div class=\"wp-block-image\"><figure class=\"aligncenter size-large\"><img loading=\"lazy\" width=\"310\" height=\"163\" src=\"http:\/\/calvaire-hugo.net\/wp-content\/uploads\/2025\/12\/image.jpeg\" alt=\"Assembl\u00e9e g\u00e9n\u00e9rale La Gaule Pac\u00e9enne - Site officiel de la ville de Pac\u00e9 en  Ille-et-Vilaine (35)\" class=\"wp-image-4752\" srcset=\"http:\/\/calvaire-hugo.net\/wp-content\/uploads\/2025\/12\/image.jpeg 310w, http:\/\/calvaire-hugo.net\/wp-content\/uploads\/2025\/12\/image-300x158.jpeg 300w\" sizes=\"(max-width: 310px) 100vw, 310px\" \/><\/figure><\/div>\n\n\n\n<p class=\"has-yellow-background-color has-background has-medium-font-size\"><strong>Le Comit\u00e9 Calvaire Hugo a r\u00e9uni ses adh\u00e9rents le 14 novembre 2025 pour son Assembl\u00e9e G\u00e9n\u00e9rale annuelle.<\/strong><\/p>\n\n\n\n<p class=\"has-light-brown-background-color has-background has-medium-font-size\"><strong>Le quorum a \u00e9t\u00e9 largement atteint (121 pr\u00e9sents et repr\u00e9sent\u00e9s pour un nombre d&rsquo;adh\u00e9rents au 31 aout 2025 de 264)<\/strong><\/p>\n\n\n\n<p class=\"has-white-color has-text-color has-background has-medium-font-size\" style=\"background-color:#0056a3\"><strong>Monsieur le Maire n&rsquo;a pu assister \u00e0 notre r\u00e9union mais la mairie \u00e9tait repr\u00e9sent\u00e9e par Madame V\u00e9ronique Pugeat, 1\u00e8re adjointe.<\/strong><\/p>\n\n\n\n<p class=\"has-text-align-center has-medium-font-size\"><strong>Apr\u00e8s approbation des diff\u00e9rents rapports nous nous sommes retrouv\u00e9s pour un petit go\u00fbter.<\/strong><\/p>\n","protected":false},"excerpt":{"rendered":"<p>Le Comit\u00e9 Calvaire Hugo a r\u00e9uni ses adh\u00e9rents le 14 novembre 2025 pour son Assembl\u00e9e G\u00e9n\u00e9rale annuelle. Le quorum a \u00e9t\u00e9 largement atteint (121 pr\u00e9sents et repr\u00e9sent\u00e9s pour un nombre d&rsquo;adh\u00e9rents au 31 aout 2025 de 264) Monsieur le Maire n&rsquo;a pu assister \u00e0 notre r\u00e9union mais la mairie \u00e9tait repr\u00e9sent\u00e9e par Madame V\u00e9ronique Pugeat, &hellip; <a href=\"http:\/\/calvaire-hugo.net\/?p=4751\" class=\"more-link\">Continuer la lecture de <span class=\"screen-reader-text\">Assembl\u00e9e G\u00e9n\u00e9rale<\/span> <span class=\"meta-nav\">&rarr;<\/span><\/a><\/p>\n","protected":false},"author":2,"featured_media":0,"comment_status":"open","ping_status":"open","sticky":false,"template":"","format":"standard","meta":[],"categories":[1],"tags":[],"_links":{"self":[{"href":"http:\/\/calvaire-hugo.net\/index.php?rest_route=\/wp\/v2\/posts\/4751"}],"collection":[{"href":"http:\/\/calvaire-hugo.net\/index.php?rest_route=\/wp\/v2\/posts"}],"about":[{"href":"http:\/\/calvaire-hugo.net\/index.php?rest_route=\/wp\/v2\/types\/post"}],"author":[{"embeddable":true,"href":"http:\/\/calvaire-hugo.net\/index.php?rest_route=\/wp\/v2\/users\/2"}],"replies":[{"embeddable":true,"href":"http:\/\/calvaire-hugo.net\/index.php?rest_route=%2Fwp%2Fv2%2Fcomments&post=4751"}],"version-history":[{"count":1,"href":"http:\/\/calvaire-hugo.net\/index.php?rest_route=\/wp\/v2\/posts\/4751\/revisions"}],"predecessor-version":[{"id":4753,"href":"http:\/\/calvaire-hugo.net\/index.php?rest_route=\/wp\/v2\/posts\/4751\/revisions\/4753"}],"wp:attachment":[{"href":"http:\/\/calvaire-hugo.net\/index.php?rest_route=%2Fwp%2Fv2%2Fmedia&parent=4751"}],"wp:term":[{"taxonomy":"category","embeddable":true,"href":"http:\/\/calvaire-hugo.net\/index.php?rest_route=%2Fwp%2Fv2%2Fcategories&post=4751"},{"taxonomy":"post_tag","embeddable":true,"href":"http:\/\/calvaire-hugo.net\/index.php?rest_route=%2Fwp%2Fv2%2Ftags&post=4751"}],"curies":[{"name":"wp","href":"https:\/\/api.w.org\/{rel}","templated":true}]}}