{"id":4734,"date":"2025-07-01T16:44:17","date_gmt":"2025-07-01T14:44:17","guid":{"rendered":"http:\/\/calvaire-hugo.net\/?p=4734"},"modified":"2025-07-01T16:44:17","modified_gmt":"2025-07-01T14:44:17","slug":"vive-les-vacances","status":"publish","type":"post","link":"http:\/\/calvaire-hugo.net\/?p=4734","title":{"rendered":"Vive les vacances"},"content":{"rendered":"\n<div class=\"wp-block-image\"><figure class=\"aligncenter size-large\"><img loading=\"lazy\" width=\"540\" height=\"340\" src=\"http:\/\/calvaire-hugo.net\/wp-content\/uploads\/2025\/07\/vive-les-vacances.jpg\" alt=\"\" class=\"wp-image-4735\" srcset=\"http:\/\/calvaire-hugo.net\/wp-content\/uploads\/2025\/07\/vive-les-vacances.jpg 540w, http:\/\/calvaire-hugo.net\/wp-content\/uploads\/2025\/07\/vive-les-vacances-300x189.jpg 300w\" sizes=\"(max-width: 540px) 100vw, 540px\" \/><\/figure><\/div>\n\n\n\n<p class=\"has-yellow-background-color has-background has-medium-font-size\">Apr\u00e8s un voyage r\u00e9ussi en Dr\u00f4me Proven\u00e7ale puis notre traditionnel repas interactivit\u00e9s de fin de saison, voici arriv\u00e9 le temps des vacances.<\/p>\n\n\n\n<p class=\"has-dark-gray-color has-medium-orange-background-color has-text-color has-background has-medium-font-size\"><strong>Le comit\u00e9 vous souhaite un bel \u00e9t\u00e9 et esp\u00e8re vous retrouver d\u00e8s le mois de septembre : \u00e0 l&rsquo;occasion du Forum des Associations le 6 septembre ou lors de notre journ\u00e9e \u00ab\u00a0portes ouvertes\u00a0\u00bb le lundi 8 septembre de 10h \u00e0 17H.<\/strong><\/p>\n\n\n\n<p class=\"has-background has-medium-font-size\" style=\"background-color:#64a300\"><strong>Les activit\u00e9s reprendront d\u00e8s le 15 septembre (sauf pour l&rsquo;aquagym qui reprend d\u00e8s le 8).<\/strong><\/p>\n","protected":false},"excerpt":{"rendered":"<p>Apr\u00e8s un voyage r\u00e9ussi en Dr\u00f4me Proven\u00e7ale puis notre traditionnel repas interactivit\u00e9s de fin de saison, voici arriv\u00e9 le temps des vacances. Le comit\u00e9 vous souhaite un bel \u00e9t\u00e9 et esp\u00e8re vous retrouver d\u00e8s le mois de septembre : \u00e0 l&rsquo;occasion du Forum des Associations le 6 septembre ou lors de notre journ\u00e9e \u00ab\u00a0portes ouvertes\u00a0\u00bb &hellip; <a href=\"http:\/\/calvaire-hugo.net\/?p=4734\" class=\"more-link\">Continuer la lecture de <span class=\"screen-reader-text\">Vive les vacances<\/span> <span class=\"meta-nav\">&rarr;<\/span><\/a><\/p>\n","protected":false},"author":2,"featured_media":0,"comment_status":"open","ping_status":"open","sticky":false,"template":"","format":"standard","meta":[],"categories":[1],"tags":[],"_links":{"self":[{"href":"http:\/\/calvaire-hugo.net\/index.php?rest_route=\/wp\/v2\/posts\/4734"}],"collection":[{"href":"http:\/\/calvaire-hugo.net\/index.php?rest_route=\/wp\/v2\/posts"}],"about":[{"href":"http:\/\/calvaire-hugo.net\/index.php?rest_route=\/wp\/v2\/types\/post"}],"author":[{"embeddable":true,"href":"http:\/\/calvaire-hugo.net\/index.php?rest_route=\/wp\/v2\/users\/2"}],"replies":[{"embeddable":true,"href":"http:\/\/calvaire-hugo.net\/index.php?rest_route=%2Fwp%2Fv2%2Fcomments&post=4734"}],"version-history":[{"count":1,"href":"http:\/\/calvaire-hugo.net\/index.php?rest_route=\/wp\/v2\/posts\/4734\/revisions"}],"predecessor-version":[{"id":4736,"href":"http:\/\/calvaire-hugo.net\/index.php?rest_route=\/wp\/v2\/posts\/4734\/revisions\/4736"}],"wp:attachment":[{"href":"http:\/\/calvaire-hugo.net\/index.php?rest_route=%2Fwp%2Fv2%2Fmedia&parent=4734"}],"wp:term":[{"taxonomy":"category","embeddable":true,"href":"http:\/\/calvaire-hugo.net\/index.php?rest_route=%2Fwp%2Fv2%2Fcategories&post=4734"},{"taxonomy":"post_tag","embeddable":true,"href":"http:\/\/calvaire-hugo.net\/index.php?rest_route=%2Fwp%2Fv2%2Ftags&post=4734"}],"curies":[{"name":"wp","href":"https:\/\/api.w.org\/{rel}","templated":true}]}}