{"id":4697,"date":"2025-03-14T10:44:00","date_gmt":"2025-03-14T09:44:00","guid":{"rendered":"http:\/\/calvaire-hugo.net\/?p=4697"},"modified":"2025-03-09T10:53:59","modified_gmt":"2025-03-09T09:53:59","slug":"visite-dans-valence","status":"publish","type":"post","link":"http:\/\/calvaire-hugo.net\/?p=4697","title":{"rendered":"VISITE DANS VALENCE"},"content":{"rendered":"\n<div class=\"wp-block-image\"><figure class=\"aligncenter size-large is-resized\"><img src=\"http:\/\/calvaire-hugo.net\/wp-content\/uploads\/2025\/03\/telechargement.jpg\" alt=\"\" class=\"wp-image-4698\" width=\"250\"\/><\/figure><\/div>\n\n\n\n<p class=\"has-yellow-background-color has-background has-medium-font-size\"><strong>Organis\u00e9e par Valence Pays d&rsquo;Art et d&rsquo;Histoire, une vingtaine d&rsquo;adh\u00e9rents se sont retrouv\u00e9s pour participer \u00e0 une visite guid\u00e9e dans Valence.<\/strong><\/p>\n\n\n\n<p class=\"has-white-color has-medium-orange-background-color has-text-color has-background has-medium-font-size\"><strong>Le 8 mars \u00e9tant la journ\u00e9e des droits des femmes, nous avons d\u00e9ambul\u00e9 dans la ville tout en en apprenant sur les diff\u00e9rentes femmes c\u00e9l\u00e8bres de Valence : Marie de Valence, Jeanne de Flandreysy, Ang\u00e8le Ducros et bien d&rsquo;autres en terminant sur le belv\u00e9d\u00e8re du Champ de Mars avec Anne Sophie PIc !<\/strong><\/p>\n\n\n\n<p class=\"has-background has-medium-font-size\" style=\"background-color:#4ea300\"><strong>Une belle balade culturelle valentinoise sous le soleil&#8230;.<\/strong><\/p>\n","protected":false},"excerpt":{"rendered":"<p>Organis\u00e9e par Valence Pays d&rsquo;Art et d&rsquo;Histoire, une vingtaine d&rsquo;adh\u00e9rents se sont retrouv\u00e9s pour participer \u00e0 une visite guid\u00e9e dans Valence. Le 8 mars \u00e9tant la journ\u00e9e des droits des femmes, nous avons d\u00e9ambul\u00e9 dans la ville tout en en apprenant sur les diff\u00e9rentes femmes c\u00e9l\u00e8bres de Valence : Marie de Valence, Jeanne de Flandreysy, &hellip; <a href=\"http:\/\/calvaire-hugo.net\/?p=4697\" class=\"more-link\">Continuer la lecture de <span class=\"screen-reader-text\">VISITE DANS VALENCE<\/span> <span class=\"meta-nav\">&rarr;<\/span><\/a><\/p>\n","protected":false},"author":2,"featured_media":0,"comment_status":"open","ping_status":"open","sticky":false,"template":"","format":"standard","meta":[],"categories":[1],"tags":[],"_links":{"self":[{"href":"http:\/\/calvaire-hugo.net\/index.php?rest_route=\/wp\/v2\/posts\/4697"}],"collection":[{"href":"http:\/\/calvaire-hugo.net\/index.php?rest_route=\/wp\/v2\/posts"}],"about":[{"href":"http:\/\/calvaire-hugo.net\/index.php?rest_route=\/wp\/v2\/types\/post"}],"author":[{"embeddable":true,"href":"http:\/\/calvaire-hugo.net\/index.php?rest_route=\/wp\/v2\/users\/2"}],"replies":[{"embeddable":true,"href":"http:\/\/calvaire-hugo.net\/index.php?rest_route=%2Fwp%2Fv2%2Fcomments&post=4697"}],"version-history":[{"count":1,"href":"http:\/\/calvaire-hugo.net\/index.php?rest_route=\/wp\/v2\/posts\/4697\/revisions"}],"predecessor-version":[{"id":4699,"href":"http:\/\/calvaire-hugo.net\/index.php?rest_route=\/wp\/v2\/posts\/4697\/revisions\/4699"}],"wp:attachment":[{"href":"http:\/\/calvaire-hugo.net\/index.php?rest_route=%2Fwp%2Fv2%2Fmedia&parent=4697"}],"wp:term":[{"taxonomy":"category","embeddable":true,"href":"http:\/\/calvaire-hugo.net\/index.php?rest_route=%2Fwp%2Fv2%2Fcategories&post=4697"},{"taxonomy":"post_tag","embeddable":true,"href":"http:\/\/calvaire-hugo.net\/index.php?rest_route=%2Fwp%2Fv2%2Ftags&post=4697"}],"curies":[{"name":"wp","href":"https:\/\/api.w.org\/{rel}","templated":true}]}}