{"id":4684,"date":"2025-02-02T10:25:31","date_gmt":"2025-02-02T09:25:31","guid":{"rendered":"http:\/\/calvaire-hugo.net\/?p=4684"},"modified":"2025-02-02T10:25:31","modified_gmt":"2025-02-02T09:25:31","slug":"galette-du-maire","status":"publish","type":"post","link":"http:\/\/calvaire-hugo.net\/?p=4684","title":{"rendered":"GALETTE DU MAIRE"},"content":{"rendered":"\n<div class=\"wp-block-image\"><figure class=\"aligncenter size-medium is-resized\"><img src=\"https:\/\/calvaire-hugo.net\/wp-content\/uploads\/2025\/02\/2025-galette-du-maire-207x300.jpg\" alt=\"\" class=\"wp-image-4685\" width=\"400\" srcset=\"http:\/\/calvaire-hugo.net\/wp-content\/uploads\/2025\/02\/2025-galette-du-maire-207x300.jpg 207w, http:\/\/calvaire-hugo.net\/wp-content\/uploads\/2025\/02\/2025-galette-du-maire-666x964.jpg 666w, http:\/\/calvaire-hugo.net\/wp-content\/uploads\/2025\/02\/2025-galette-du-maire-768x1112.jpg 768w, http:\/\/calvaire-hugo.net\/wp-content\/uploads\/2025\/02\/2025-galette-du-maire-1061x1536.jpg 1061w, http:\/\/calvaire-hugo.net\/wp-content\/uploads\/2025\/02\/2025-galette-du-maire.jpg 1104w\" sizes=\"(max-width: 207px) 100vw, 207px\" \/><\/figure><\/div>\n\n\n\n<p class=\"has-yellow-background-color has-background has-medium-font-size\"><strong>Lundi 27 janvier, Monsieur le Maire, Nicolas DARAGON, est venu pr\u00e9senter ses v\u0153ux aux adh\u00e9rents du comit\u00e9 Calvaire Hugo.<\/strong><\/p>\n\n\n\n<p class=\"has-background has-medium-font-size\" style=\"background-color:#00a394\"><strong>Il \u00e9tait accompagn\u00e9 de V\u00e9ronique PUGEAT, 1ere adjointe, Laurent MONNET, Franck SOULIGNAC, Mich\u00e8le RAVELLI conseillers municipaux et ont port\u00e9 une part de galette \u00e0 chaque adh\u00e9rent.<\/strong><\/p>\n\n\n\n<p class=\"has-white-color has-text-color has-background has-medium-font-size\" style=\"background-color:#a3003a\"><strong>80 adh\u00e9rents \u00e9taient pr\u00e9sents et beaucoup d&rsquo;entre eux sont repartis avec la couronne de roi ou reine et tout le monde a  bien appr\u00e9ci\u00e9 cette gourmandise !<\/strong><\/p>\n\n\n\n<p><\/p>\n","protected":false},"excerpt":{"rendered":"<p>Lundi 27 janvier, Monsieur le Maire, Nicolas DARAGON, est venu pr\u00e9senter ses v\u0153ux aux adh\u00e9rents du comit\u00e9 Calvaire Hugo. Il \u00e9tait accompagn\u00e9 de V\u00e9ronique PUGEAT, 1ere adjointe, Laurent MONNET, Franck SOULIGNAC, Mich\u00e8le RAVELLI conseillers municipaux et ont port\u00e9 une part de galette \u00e0 chaque adh\u00e9rent. 80 adh\u00e9rents \u00e9taient pr\u00e9sents et beaucoup d&rsquo;entre eux sont repartis &hellip; <a href=\"http:\/\/calvaire-hugo.net\/?p=4684\" class=\"more-link\">Continuer la lecture de <span class=\"screen-reader-text\">GALETTE DU MAIRE<\/span> <span class=\"meta-nav\">&rarr;<\/span><\/a><\/p>\n","protected":false},"author":2,"featured_media":0,"comment_status":"open","ping_status":"open","sticky":false,"template":"","format":"standard","meta":[],"categories":[1],"tags":[],"_links":{"self":[{"href":"http:\/\/calvaire-hugo.net\/index.php?rest_route=\/wp\/v2\/posts\/4684"}],"collection":[{"href":"http:\/\/calvaire-hugo.net\/index.php?rest_route=\/wp\/v2\/posts"}],"about":[{"href":"http:\/\/calvaire-hugo.net\/index.php?rest_route=\/wp\/v2\/types\/post"}],"author":[{"embeddable":true,"href":"http:\/\/calvaire-hugo.net\/index.php?rest_route=\/wp\/v2\/users\/2"}],"replies":[{"embeddable":true,"href":"http:\/\/calvaire-hugo.net\/index.php?rest_route=%2Fwp%2Fv2%2Fcomments&post=4684"}],"version-history":[{"count":1,"href":"http:\/\/calvaire-hugo.net\/index.php?rest_route=\/wp\/v2\/posts\/4684\/revisions"}],"predecessor-version":[{"id":4686,"href":"http:\/\/calvaire-hugo.net\/index.php?rest_route=\/wp\/v2\/posts\/4684\/revisions\/4686"}],"wp:attachment":[{"href":"http:\/\/calvaire-hugo.net\/index.php?rest_route=%2Fwp%2Fv2%2Fmedia&parent=4684"}],"wp:term":[{"taxonomy":"category","embeddable":true,"href":"http:\/\/calvaire-hugo.net\/index.php?rest_route=%2Fwp%2Fv2%2Fcategories&post=4684"},{"taxonomy":"post_tag","embeddable":true,"href":"http:\/\/calvaire-hugo.net\/index.php?rest_route=%2Fwp%2Fv2%2Ftags&post=4684"}],"curies":[{"name":"wp","href":"https:\/\/api.w.org\/{rel}","templated":true}]}}