{"id":4675,"date":"2025-01-10T15:53:53","date_gmt":"2025-01-10T14:53:53","guid":{"rendered":"http:\/\/calvaire-hugo.net\/?p=4675"},"modified":"2025-01-10T15:53:53","modified_gmt":"2025-01-10T14:53:53","slug":"concert-nouvel-an","status":"publish","type":"post","link":"http:\/\/calvaire-hugo.net\/?p=4675","title":{"rendered":"CONCERT NOUVEL AN"},"content":{"rendered":"\n<div class=\"wp-block-image\"><figure class=\"aligncenter size-large\"><img loading=\"lazy\" width=\"964\" height=\"643\" src=\"https:\/\/calvaire-hugo.net\/wp-content\/uploads\/2025\/01\/TDLV_Concert-du-Nouvel-An_RSE-10-1620x1080-1-964x643.jpg\" alt=\"\" class=\"wp-image-4676\" srcset=\"http:\/\/calvaire-hugo.net\/wp-content\/uploads\/2025\/01\/TDLV_Concert-du-Nouvel-An_RSE-10-1620x1080-1-964x643.jpg 964w, http:\/\/calvaire-hugo.net\/wp-content\/uploads\/2025\/01\/TDLV_Concert-du-Nouvel-An_RSE-10-1620x1080-1-300x200.jpg 300w, http:\/\/calvaire-hugo.net\/wp-content\/uploads\/2025\/01\/TDLV_Concert-du-Nouvel-An_RSE-10-1620x1080-1-768x512.jpg 768w, http:\/\/calvaire-hugo.net\/wp-content\/uploads\/2025\/01\/TDLV_Concert-du-Nouvel-An_RSE-10-1620x1080-1-1536x1024.jpg 1536w, http:\/\/calvaire-hugo.net\/wp-content\/uploads\/2025\/01\/TDLV_Concert-du-Nouvel-An_RSE-10-1620x1080-1.jpg 1620w\" sizes=\"(max-width: 964px) 100vw, 964px\" \/><\/figure><\/div>\n\n\n\n<p class=\"has-yellow-background-color has-background has-medium-font-size\"><strong>Ce samedi 4 janvier une trentaine d&rsquo;adh\u00e9rents se sont retrouv\u00e9s au th\u00e9\u00e2tre de la ville pour assister au traditionnel concert du nouvel an.<\/strong><\/p>\n\n\n\n<p class=\"has-dark-brown-color has-medium-orange-background-color has-text-color has-background has-medium-font-size\"><strong>Sous la direction de Didier Vadrot, une 1ere partie avec Mozart, Brahms, Tcha\u00efkovski et des extraits de Carmen. Puis en 2\u00e8me partie Offenbach et Strauss fils avec bien s\u00fbr \u00ab\u00a0le beau Danube bleu\u00a0\u00bb.<\/strong><\/p>\n\n\n\n<p class=\"has-text-align-center has-light-brown-background-color has-background has-medium-font-size\"><strong>Une apr\u00e8s-midi musicale tr\u00e8s appr\u00e9ci\u00e9e <\/strong><\/p>\n\n\n\n<p class=\"has-medium-font-size\"> <\/p>\n","protected":false},"excerpt":{"rendered":"<p>Ce samedi 4 janvier une trentaine d&rsquo;adh\u00e9rents se sont retrouv\u00e9s au th\u00e9\u00e2tre de la ville pour assister au traditionnel concert du nouvel an. Sous la direction de Didier Vadrot, une 1ere partie avec Mozart, Brahms, Tcha\u00efkovski et des extraits de Carmen. Puis en 2\u00e8me partie Offenbach et Strauss fils avec bien s\u00fbr \u00ab\u00a0le beau Danube &hellip; <a href=\"http:\/\/calvaire-hugo.net\/?p=4675\" class=\"more-link\">Continuer la lecture de <span class=\"screen-reader-text\">CONCERT NOUVEL AN<\/span> <span class=\"meta-nav\">&rarr;<\/span><\/a><\/p>\n","protected":false},"author":2,"featured_media":0,"comment_status":"open","ping_status":"open","sticky":false,"template":"","format":"standard","meta":[],"categories":[1],"tags":[],"_links":{"self":[{"href":"http:\/\/calvaire-hugo.net\/index.php?rest_route=\/wp\/v2\/posts\/4675"}],"collection":[{"href":"http:\/\/calvaire-hugo.net\/index.php?rest_route=\/wp\/v2\/posts"}],"about":[{"href":"http:\/\/calvaire-hugo.net\/index.php?rest_route=\/wp\/v2\/types\/post"}],"author":[{"embeddable":true,"href":"http:\/\/calvaire-hugo.net\/index.php?rest_route=\/wp\/v2\/users\/2"}],"replies":[{"embeddable":true,"href":"http:\/\/calvaire-hugo.net\/index.php?rest_route=%2Fwp%2Fv2%2Fcomments&post=4675"}],"version-history":[{"count":1,"href":"http:\/\/calvaire-hugo.net\/index.php?rest_route=\/wp\/v2\/posts\/4675\/revisions"}],"predecessor-version":[{"id":4677,"href":"http:\/\/calvaire-hugo.net\/index.php?rest_route=\/wp\/v2\/posts\/4675\/revisions\/4677"}],"wp:attachment":[{"href":"http:\/\/calvaire-hugo.net\/index.php?rest_route=%2Fwp%2Fv2%2Fmedia&parent=4675"}],"wp:term":[{"taxonomy":"category","embeddable":true,"href":"http:\/\/calvaire-hugo.net\/index.php?rest_route=%2Fwp%2Fv2%2Fcategories&post=4675"},{"taxonomy":"post_tag","embeddable":true,"href":"http:\/\/calvaire-hugo.net\/index.php?rest_route=%2Fwp%2Fv2%2Ftags&post=4675"}],"curies":[{"name":"wp","href":"https:\/\/api.w.org\/{rel}","templated":true}]}}