{"id":4668,"date":"2024-12-19T17:50:54","date_gmt":"2024-12-19T16:50:54","guid":{"rendered":"http:\/\/calvaire-hugo.net\/?p=4668"},"modified":"2024-12-19T17:50:54","modified_gmt":"2024-12-19T16:50:54","slug":"repas-de-noel-2","status":"publish","type":"post","link":"http:\/\/calvaire-hugo.net\/?p=4668","title":{"rendered":"REPAS DE NO\u00cbL"},"content":{"rendered":"\n<div class=\"wp-block-image\"><figure class=\"aligncenter size-large is-resized\"><img src=\"https:\/\/calvaire-hugo.net\/wp-content\/uploads\/2024\/12\/20241215_111946-COLLAGE-964x964.jpg\" alt=\"\" class=\"wp-image-4669\" width=\"400\" srcset=\"http:\/\/calvaire-hugo.net\/wp-content\/uploads\/2024\/12\/20241215_111946-COLLAGE-964x964.jpg 964w, http:\/\/calvaire-hugo.net\/wp-content\/uploads\/2024\/12\/20241215_111946-COLLAGE-300x300.jpg 300w, http:\/\/calvaire-hugo.net\/wp-content\/uploads\/2024\/12\/20241215_111946-COLLAGE-150x150.jpg 150w, http:\/\/calvaire-hugo.net\/wp-content\/uploads\/2024\/12\/20241215_111946-COLLAGE-768x768.jpg 768w, http:\/\/calvaire-hugo.net\/wp-content\/uploads\/2024\/12\/20241215_111946-COLLAGE-1536x1536.jpg 1536w, http:\/\/calvaire-hugo.net\/wp-content\/uploads\/2024\/12\/20241215_111946-COLLAGE-2048x2048.jpg 2048w\" sizes=\"(max-width: 964px) 100vw, 964px\" \/><\/figure><\/div>\n\n\n\n<p class=\"has-yellow-background-color has-background has-medium-font-size\"><strong>LE VENDREDI 13 DECEMBRE, plus de 80 adh\u00e9rents se sont r\u00e9unis pour ce repas de No\u00ebl<\/strong><\/p>\n\n\n\n<p class=\"has-light-orange-background-color has-background has-medium-font-size\"><strong>Un d\u00e9cor tout en finesse et un repas des plus raffin\u00e9s ont permis de passer un moment tr\u00e8s agr\u00e9able.<\/strong><\/p>\n\n\n\n<p class=\"has-dark-gray-color has-text-color has-background has-medium-font-size\" style=\"background-color:#2fa300\"><strong>Madame Pugeat, Monsieur Monnet, Monsieur Soulignac, Monsieur Diratzonian-Daumas, repr\u00e9sentant la Mairie, nous ont fait le plaisir de venir nous retrouver au moment de l&rsquo;ap\u00e9ritif.<\/strong><\/p>\n\n\n\n<p class=\"has-background has-medium-font-size\" style=\"background-color:#00a3a1\"><strong>Le CCAS est venu expliquer aux personnes pr\u00e9sentes tout ce que ce service de la Mairie peut apporter comme aide.<\/strong><\/p>\n\n\n\n<p class=\"has-text-align-center has-white-color has-text-color has-background has-medium-font-size\" style=\"background-color:#a3005d\"><strong>Un moment festif avant l&rsquo;heure mais appr\u00e9ci\u00e9 par tous !<\/strong><\/p>\n","protected":false},"excerpt":{"rendered":"<p>LE VENDREDI 13 DECEMBRE, plus de 80 adh\u00e9rents se sont r\u00e9unis pour ce repas de No\u00ebl Un d\u00e9cor tout en finesse et un repas des plus raffin\u00e9s ont permis de passer un moment tr\u00e8s agr\u00e9able. Madame Pugeat, Monsieur Monnet, Monsieur Soulignac, Monsieur Diratzonian-Daumas, repr\u00e9sentant la Mairie, nous ont fait le plaisir de venir nous retrouver &hellip; <a href=\"http:\/\/calvaire-hugo.net\/?p=4668\" class=\"more-link\">Continuer la lecture de <span class=\"screen-reader-text\">REPAS DE NO\u00cbL<\/span> <span class=\"meta-nav\">&rarr;<\/span><\/a><\/p>\n","protected":false},"author":2,"featured_media":0,"comment_status":"open","ping_status":"open","sticky":false,"template":"","format":"standard","meta":[],"categories":[1],"tags":[],"_links":{"self":[{"href":"http:\/\/calvaire-hugo.net\/index.php?rest_route=\/wp\/v2\/posts\/4668"}],"collection":[{"href":"http:\/\/calvaire-hugo.net\/index.php?rest_route=\/wp\/v2\/posts"}],"about":[{"href":"http:\/\/calvaire-hugo.net\/index.php?rest_route=\/wp\/v2\/types\/post"}],"author":[{"embeddable":true,"href":"http:\/\/calvaire-hugo.net\/index.php?rest_route=\/wp\/v2\/users\/2"}],"replies":[{"embeddable":true,"href":"http:\/\/calvaire-hugo.net\/index.php?rest_route=%2Fwp%2Fv2%2Fcomments&post=4668"}],"version-history":[{"count":1,"href":"http:\/\/calvaire-hugo.net\/index.php?rest_route=\/wp\/v2\/posts\/4668\/revisions"}],"predecessor-version":[{"id":4670,"href":"http:\/\/calvaire-hugo.net\/index.php?rest_route=\/wp\/v2\/posts\/4668\/revisions\/4670"}],"wp:attachment":[{"href":"http:\/\/calvaire-hugo.net\/index.php?rest_route=%2Fwp%2Fv2%2Fmedia&parent=4668"}],"wp:term":[{"taxonomy":"category","embeddable":true,"href":"http:\/\/calvaire-hugo.net\/index.php?rest_route=%2Fwp%2Fv2%2Fcategories&post=4668"},{"taxonomy":"post_tag","embeddable":true,"href":"http:\/\/calvaire-hugo.net\/index.php?rest_route=%2Fwp%2Fv2%2Ftags&post=4668"}],"curies":[{"name":"wp","href":"https:\/\/api.w.org\/{rel}","templated":true}]}}