{"id":4620,"date":"2024-07-04T16:39:54","date_gmt":"2024-07-04T14:39:54","guid":{"rendered":"http:\/\/calvaire-hugo.net\/?p=4620"},"modified":"2024-07-04T16:39:54","modified_gmt":"2024-07-04T14:39:54","slug":"vacances-dete","status":"publish","type":"post","link":"http:\/\/calvaire-hugo.net\/?p=4620","title":{"rendered":"VACANCES D&rsquo;ETE"},"content":{"rendered":"\n<div class=\"wp-block-image\"><figure class=\"aligncenter size-large\"><img loading=\"lazy\" width=\"276\" height=\"183\" src=\"https:\/\/calvaire-hugo.net\/wp-content\/uploads\/2024\/07\/ete.jpg\" alt=\"\" class=\"wp-image-4621\"\/><\/figure><\/div>\n\n\n\n<p class=\"has-light-orange-background-color has-background\"><strong>Le comit\u00e9 Calvaire Hugo a ferm\u00e9 ses portes pour l&rsquo;\u00e9t\u00e9.<\/strong><\/p>\n\n\n\n<p class=\"has-off-white-color has-text-color has-background\" style=\"background-color:#8c00a3\"><strong>Nous vous donnons rendez-vous au Forum des Associations le samedi 7 septembre ou lors de nos portes ouvertes le lundi 9 septembre de 10h \u00e0 17h dans nos locaux.<\/strong><\/p>\n\n\n\n<p class=\"has-background\" style=\"background-color:#64a300\"><strong>Nous vous souhaitons de bonnes vacances et vous retrouverons avec plaisir \u00e0 la rentr\u00e9e.<\/strong><\/p>\n","protected":false},"excerpt":{"rendered":"<p>Le comit\u00e9 Calvaire Hugo a ferm\u00e9 ses portes pour l&rsquo;\u00e9t\u00e9. Nous vous donnons rendez-vous au Forum des Associations le samedi 7 septembre ou lors de nos portes ouvertes le lundi 9 septembre de 10h \u00e0 17h dans nos locaux. Nous vous souhaitons de bonnes vacances et vous retrouverons avec plaisir \u00e0 la rentr\u00e9e.<\/p>\n","protected":false},"author":2,"featured_media":0,"comment_status":"open","ping_status":"open","sticky":false,"template":"","format":"standard","meta":[],"categories":[1],"tags":[],"_links":{"self":[{"href":"http:\/\/calvaire-hugo.net\/index.php?rest_route=\/wp\/v2\/posts\/4620"}],"collection":[{"href":"http:\/\/calvaire-hugo.net\/index.php?rest_route=\/wp\/v2\/posts"}],"about":[{"href":"http:\/\/calvaire-hugo.net\/index.php?rest_route=\/wp\/v2\/types\/post"}],"author":[{"embeddable":true,"href":"http:\/\/calvaire-hugo.net\/index.php?rest_route=\/wp\/v2\/users\/2"}],"replies":[{"embeddable":true,"href":"http:\/\/calvaire-hugo.net\/index.php?rest_route=%2Fwp%2Fv2%2Fcomments&post=4620"}],"version-history":[{"count":1,"href":"http:\/\/calvaire-hugo.net\/index.php?rest_route=\/wp\/v2\/posts\/4620\/revisions"}],"predecessor-version":[{"id":4622,"href":"http:\/\/calvaire-hugo.net\/index.php?rest_route=\/wp\/v2\/posts\/4620\/revisions\/4622"}],"wp:attachment":[{"href":"http:\/\/calvaire-hugo.net\/index.php?rest_route=%2Fwp%2Fv2%2Fmedia&parent=4620"}],"wp:term":[{"taxonomy":"category","embeddable":true,"href":"http:\/\/calvaire-hugo.net\/index.php?rest_route=%2Fwp%2Fv2%2Fcategories&post=4620"},{"taxonomy":"post_tag","embeddable":true,"href":"http:\/\/calvaire-hugo.net\/index.php?rest_route=%2Fwp%2Fv2%2Ftags&post=4620"}],"curies":[{"name":"wp","href":"https:\/\/api.w.org\/{rel}","templated":true}]}}