{"id":4528,"date":"2023-06-23T15:45:00","date_gmt":"2023-06-23T13:45:00","guid":{"rendered":"http:\/\/calvaire-hugo.net\/?p=4528"},"modified":"2023-06-19T15:50:45","modified_gmt":"2023-06-19T13:50:45","slug":"repas-interactivites-de-fin-de-saison-2022-2023","status":"publish","type":"post","link":"http:\/\/calvaire-hugo.net\/?p=4528","title":{"rendered":"Repas interactivit\u00e9s de fin de saison 2022\/2023"},"content":{"rendered":"\n<figure class=\"wp-block-image size-large\"><img loading=\"lazy\" width=\"964\" height=\"542\" src=\"http:\/\/calvaire-hugo.net\/wp-content\/uploads\/2023\/06\/2023-05-25-PAELLA-CALVAIRE-24-964x542.jpg\" alt=\"\" class=\"wp-image-4529\" srcset=\"http:\/\/calvaire-hugo.net\/wp-content\/uploads\/2023\/06\/2023-05-25-PAELLA-CALVAIRE-24-964x542.jpg 964w, http:\/\/calvaire-hugo.net\/wp-content\/uploads\/2023\/06\/2023-05-25-PAELLA-CALVAIRE-24-300x169.jpg 300w, http:\/\/calvaire-hugo.net\/wp-content\/uploads\/2023\/06\/2023-05-25-PAELLA-CALVAIRE-24-768x432.jpg 768w, http:\/\/calvaire-hugo.net\/wp-content\/uploads\/2023\/06\/2023-05-25-PAELLA-CALVAIRE-24-1536x864.jpg 1536w, http:\/\/calvaire-hugo.net\/wp-content\/uploads\/2023\/06\/2023-05-25-PAELLA-CALVAIRE-24-2048x1152.jpg 2048w\" sizes=\"(max-width: 964px) 100vw, 964px\" \/><\/figure>\n\n\n\n<p class=\"has-red-color has-text-color\"><strong>Comme tous les ans, le Comit\u00e9 organise son traditionnel repas interactivit\u00e9s de fin de saison. Cette ann\u00e9e, le choix avait \u00e9t\u00e9 port\u00e9 sur une pa\u00eblla g\u00e9ante.<\/strong><\/p>\n\n\n\n<p class=\"has-text-color\" style=\"color:#2ba300\"><strong>Initialement pr\u00e9vu dans le parc du Clos Sylvestre, il a fallu int\u00e9grer les locaux \u00e0 cause de la m\u00e9t\u00e9o pas assez cl\u00e9mente !<\/strong><\/p>\n\n\n\n<figure class=\"wp-block-image size-large is-resized\"><img src=\"http:\/\/calvaire-hugo.net\/wp-content\/uploads\/2023\/06\/2023-05-25-PAELLA-CALVAIRE-8-964x542.jpg\" alt=\"\" class=\"wp-image-4530\" width=\"350\" srcset=\"http:\/\/calvaire-hugo.net\/wp-content\/uploads\/2023\/06\/2023-05-25-PAELLA-CALVAIRE-8-964x542.jpg 964w, http:\/\/calvaire-hugo.net\/wp-content\/uploads\/2023\/06\/2023-05-25-PAELLA-CALVAIRE-8-300x169.jpg 300w, http:\/\/calvaire-hugo.net\/wp-content\/uploads\/2023\/06\/2023-05-25-PAELLA-CALVAIRE-8-768x432.jpg 768w, http:\/\/calvaire-hugo.net\/wp-content\/uploads\/2023\/06\/2023-05-25-PAELLA-CALVAIRE-8-1536x864.jpg 1536w, http:\/\/calvaire-hugo.net\/wp-content\/uploads\/2023\/06\/2023-05-25-PAELLA-CALVAIRE-8-2048x1152.jpg 2048w\" sizes=\"(max-width: 964px) 100vw, 964px\" \/><\/figure>\n\n\n\n<p class=\"has-text-color\" style=\"color:#0029a3\"><strong>Cela n&rsquo;a pas emp\u00each\u00e9 le repas d&rsquo;\u00eatre tr\u00e8s convivial et les \u00ab\u00a0petites mains\u00a0\u00bb ont, comme \u00e0 leur habitude, mis toute leur \u00e9nergie \u00e0 pr\u00e9parer (voir la photo ci-dessous) et servir  les adh\u00e9rents.<\/strong><\/p>\n\n\n\n<div class=\"wp-block-image\"><figure class=\"alignright size-large is-resized\"><img src=\"http:\/\/calvaire-hugo.net\/wp-content\/uploads\/2023\/06\/2023-05-25-PAELLA-CALVAIRE-1-964x542.jpg\" alt=\"\" class=\"wp-image-4531\" width=\"250\" srcset=\"http:\/\/calvaire-hugo.net\/wp-content\/uploads\/2023\/06\/2023-05-25-PAELLA-CALVAIRE-1-964x542.jpg 964w, http:\/\/calvaire-hugo.net\/wp-content\/uploads\/2023\/06\/2023-05-25-PAELLA-CALVAIRE-1-300x169.jpg 300w, http:\/\/calvaire-hugo.net\/wp-content\/uploads\/2023\/06\/2023-05-25-PAELLA-CALVAIRE-1-768x432.jpg 768w, http:\/\/calvaire-hugo.net\/wp-content\/uploads\/2023\/06\/2023-05-25-PAELLA-CALVAIRE-1-1536x864.jpg 1536w, http:\/\/calvaire-hugo.net\/wp-content\/uploads\/2023\/06\/2023-05-25-PAELLA-CALVAIRE-1-2048x1152.jpg 2048w\" sizes=\"(max-width: 964px) 100vw, 964px\" \/><\/figure><\/div>\n\n\n\n<p><\/p>\n","protected":false},"excerpt":{"rendered":"<p>Comme tous les ans, le Comit\u00e9 organise son traditionnel repas interactivit\u00e9s de fin de saison. Cette ann\u00e9e, le choix avait \u00e9t\u00e9 port\u00e9 sur une pa\u00eblla g\u00e9ante. Initialement pr\u00e9vu dans le parc du Clos Sylvestre, il a fallu int\u00e9grer les locaux \u00e0 cause de la m\u00e9t\u00e9o pas assez cl\u00e9mente ! Cela n&rsquo;a pas emp\u00each\u00e9 le repas &hellip; <a href=\"http:\/\/calvaire-hugo.net\/?p=4528\" class=\"more-link\">Continuer la lecture de <span class=\"screen-reader-text\">Repas interactivit\u00e9s de fin de saison 2022\/2023<\/span> <span class=\"meta-nav\">&rarr;<\/span><\/a><\/p>\n","protected":false},"author":2,"featured_media":0,"comment_status":"open","ping_status":"open","sticky":false,"template":"","format":"standard","meta":[],"categories":[14,1],"tags":[],"_links":{"self":[{"href":"http:\/\/calvaire-hugo.net\/index.php?rest_route=\/wp\/v2\/posts\/4528"}],"collection":[{"href":"http:\/\/calvaire-hugo.net\/index.php?rest_route=\/wp\/v2\/posts"}],"about":[{"href":"http:\/\/calvaire-hugo.net\/index.php?rest_route=\/wp\/v2\/types\/post"}],"author":[{"embeddable":true,"href":"http:\/\/calvaire-hugo.net\/index.php?rest_route=\/wp\/v2\/users\/2"}],"replies":[{"embeddable":true,"href":"http:\/\/calvaire-hugo.net\/index.php?rest_route=%2Fwp%2Fv2%2Fcomments&post=4528"}],"version-history":[{"count":3,"href":"http:\/\/calvaire-hugo.net\/index.php?rest_route=\/wp\/v2\/posts\/4528\/revisions"}],"predecessor-version":[{"id":4534,"href":"http:\/\/calvaire-hugo.net\/index.php?rest_route=\/wp\/v2\/posts\/4528\/revisions\/4534"}],"wp:attachment":[{"href":"http:\/\/calvaire-hugo.net\/index.php?rest_route=%2Fwp%2Fv2%2Fmedia&parent=4528"}],"wp:term":[{"taxonomy":"category","embeddable":true,"href":"http:\/\/calvaire-hugo.net\/index.php?rest_route=%2Fwp%2Fv2%2Fcategories&post=4528"},{"taxonomy":"post_tag","embeddable":true,"href":"http:\/\/calvaire-hugo.net\/index.php?rest_route=%2Fwp%2Fv2%2Ftags&post=4528"}],"curies":[{"name":"wp","href":"https:\/\/api.w.org\/{rel}","templated":true}]}}