{"id":4227,"date":"2022-01-15T17:09:29","date_gmt":"2022-01-15T16:09:29","guid":{"rendered":"http:\/\/calvaire-hugo.net\/?p=4227"},"modified":"2022-01-15T17:13:14","modified_gmt":"2022-01-15T16:13:14","slug":"regard-sur-la-peinture-5","status":"publish","type":"post","link":"http:\/\/calvaire-hugo.net\/?p=4227","title":{"rendered":"Regard sur la peinture"},"content":{"rendered":"\n<div class=\"wp-block-image\"><figure class=\"aligncenter size-large is-resized\"><img src=\"http:\/\/calvaire-hugo.net\/wp-content\/uploads\/2022\/01\/bonnard.png\" alt=\"\" class=\"wp-image-4228\" width=\"250\" srcset=\"http:\/\/calvaire-hugo.net\/wp-content\/uploads\/2022\/01\/bonnard.png 636w, http:\/\/calvaire-hugo.net\/wp-content\/uploads\/2022\/01\/bonnard-297x300.png 297w\" sizes=\"(max-width: 636px) 100vw, 636px\" \/><\/figure><\/div>\n\n\n\n<p class=\"has-text-align-center has-text-color\" style=\"color:#0018a3\"><strong>Prochaine s\u00e9ance de Regard sur la peinture :<\/strong><\/p>\n\n\n\n<p class=\"has-text-align-center has-light-orange-background-color has-background\"><strong>lundi 24 janvier2022 \u00e0 17 heures, dans les locaux du Comit\u00e9<\/strong><\/p>\n\n\n\n<p class=\"has-text-align-center\"><strong>Suite \u00e0 la s\u00e9ance de d\u00e9cembre, G\u00e9rard continue avec le m\u00eame artiste, Pierre BONNARD<\/strong><\/p>\n\n\n\n<p class=\"has-background\" style=\"background-color:#6da300\"><strong>Avec quelques tableaux pris en photo lors de sa visite \u00e0 l&rsquo;expo de Grenoble et un documentaire sur \u00a0\u00bb l&rsquo;atelier aux mimosas\u00a0\u00bb.<\/strong><\/p>\n\n\n\n<p>Respect des gestes barri\u00e8res, port du masque obligatoire, gel hydroalcoolique \u00e0 votre disposition.<\/p>\n\n\n\n<p>Participation de 2.00\u20ac<\/p>\n","protected":false},"excerpt":{"rendered":"<p>Prochaine s\u00e9ance de Regard sur la peinture : lundi 24 janvier2022 \u00e0 17 heures, dans les locaux du Comit\u00e9 Suite \u00e0 la s\u00e9ance de d\u00e9cembre, G\u00e9rard continue avec le m\u00eame artiste, Pierre BONNARD Avec quelques tableaux pris en photo lors de sa visite \u00e0 l&rsquo;expo de Grenoble et un documentaire sur \u00a0\u00bb l&rsquo;atelier aux mimosas\u00a0\u00bb. &hellip; <a href=\"http:\/\/calvaire-hugo.net\/?p=4227\" class=\"more-link\">Continuer la lecture de <span class=\"screen-reader-text\">Regard sur la peinture<\/span> <span class=\"meta-nav\">&rarr;<\/span><\/a><\/p>\n","protected":false},"author":2,"featured_media":0,"comment_status":"open","ping_status":"open","sticky":false,"template":"","format":"standard","meta":[],"categories":[9],"tags":[],"_links":{"self":[{"href":"http:\/\/calvaire-hugo.net\/index.php?rest_route=\/wp\/v2\/posts\/4227"}],"collection":[{"href":"http:\/\/calvaire-hugo.net\/index.php?rest_route=\/wp\/v2\/posts"}],"about":[{"href":"http:\/\/calvaire-hugo.net\/index.php?rest_route=\/wp\/v2\/types\/post"}],"author":[{"embeddable":true,"href":"http:\/\/calvaire-hugo.net\/index.php?rest_route=\/wp\/v2\/users\/2"}],"replies":[{"embeddable":true,"href":"http:\/\/calvaire-hugo.net\/index.php?rest_route=%2Fwp%2Fv2%2Fcomments&post=4227"}],"version-history":[{"count":2,"href":"http:\/\/calvaire-hugo.net\/index.php?rest_route=\/wp\/v2\/posts\/4227\/revisions"}],"predecessor-version":[{"id":4231,"href":"http:\/\/calvaire-hugo.net\/index.php?rest_route=\/wp\/v2\/posts\/4227\/revisions\/4231"}],"wp:attachment":[{"href":"http:\/\/calvaire-hugo.net\/index.php?rest_route=%2Fwp%2Fv2%2Fmedia&parent=4227"}],"wp:term":[{"taxonomy":"category","embeddable":true,"href":"http:\/\/calvaire-hugo.net\/index.php?rest_route=%2Fwp%2Fv2%2Fcategories&post=4227"},{"taxonomy":"post_tag","embeddable":true,"href":"http:\/\/calvaire-hugo.net\/index.php?rest_route=%2Fwp%2Fv2%2Ftags&post=4227"}],"curies":[{"name":"wp","href":"https:\/\/api.w.org\/{rel}","templated":true}]}}