{"id":4214,"date":"2021-11-27T17:39:33","date_gmt":"2021-11-27T16:39:33","guid":{"rendered":"http:\/\/calvaire-hugo.net\/?p=4214"},"modified":"2021-11-27T17:39:33","modified_gmt":"2021-11-27T16:39:33","slug":"le-beaujolais-nouveau","status":"publish","type":"post","link":"http:\/\/calvaire-hugo.net\/?p=4214","title":{"rendered":"\u00ab\u00a0Le Beaujolais Nouveau\u00a0\u00bb"},"content":{"rendered":"\n<div class=\"wp-block-image\"><figure class=\"aligncenter size-large is-resized\"><img loading=\"lazy\" src=\"http:\/\/calvaire-hugo.net\/wp-content\/uploads\/2021\/11\/2021-11-18-BEAUJOLAIS-CALVAIRE-6-964x542.jpg\" alt=\"\" class=\"wp-image-4215\" width=\"482\" height=\"271\" srcset=\"http:\/\/calvaire-hugo.net\/wp-content\/uploads\/2021\/11\/2021-11-18-BEAUJOLAIS-CALVAIRE-6-964x542.jpg 964w, http:\/\/calvaire-hugo.net\/wp-content\/uploads\/2021\/11\/2021-11-18-BEAUJOLAIS-CALVAIRE-6-300x169.jpg 300w, http:\/\/calvaire-hugo.net\/wp-content\/uploads\/2021\/11\/2021-11-18-BEAUJOLAIS-CALVAIRE-6-768x432.jpg 768w, http:\/\/calvaire-hugo.net\/wp-content\/uploads\/2021\/11\/2021-11-18-BEAUJOLAIS-CALVAIRE-6-1536x864.jpg 1536w, http:\/\/calvaire-hugo.net\/wp-content\/uploads\/2021\/11\/2021-11-18-BEAUJOLAIS-CALVAIRE-6-2048x1152.jpg 2048w\" sizes=\"(max-width: 482px) 100vw, 482px\" \/><\/figure><\/div>\n\n\n\n<p class=\"has-light-orange-background-color has-background\"><strong>Le Jeudi 18 Novembre 2021, une cinquantaine d&rsquo;adh\u00e9rents se sont retrouv\u00e9s dans les locaux du Comit\u00e9, dans le respect des gestes barri\u00e8re. Des personnalit\u00e9s de la Mairie sont venus nous rendre une petite visite.<\/strong><\/p>\n\n\n\n<p class=\"has-background\" style=\"background-color:#8ca300\"><strong>Nous avons partag\u00e9 une assiette de charcuterie et un verre de Beaujolais et avons vraiment appr\u00e9ci\u00e9 puisque l&rsquo;ann\u00e9e derni\u00e8re cette manifestation n&rsquo;avait pas pu avoir lieu.<\/strong><\/p>\n","protected":false},"excerpt":{"rendered":"<p>Le Jeudi 18 Novembre 2021, une cinquantaine d&rsquo;adh\u00e9rents se sont retrouv\u00e9s dans les locaux du Comit\u00e9, dans le respect des gestes barri\u00e8re. Des personnalit\u00e9s de la Mairie sont venus nous rendre une petite visite. Nous avons partag\u00e9 une assiette de charcuterie et un verre de Beaujolais et avons vraiment appr\u00e9ci\u00e9 puisque l&rsquo;ann\u00e9e derni\u00e8re cette manifestation &hellip; <a href=\"http:\/\/calvaire-hugo.net\/?p=4214\" class=\"more-link\">Continuer la lecture de <span class=\"screen-reader-text\">\u00ab\u00a0Le Beaujolais Nouveau\u00a0\u00bb<\/span> <span class=\"meta-nav\">&rarr;<\/span><\/a><\/p>\n","protected":false},"author":2,"featured_media":0,"comment_status":"open","ping_status":"open","sticky":false,"template":"","format":"standard","meta":[],"categories":[1],"tags":[],"_links":{"self":[{"href":"http:\/\/calvaire-hugo.net\/index.php?rest_route=\/wp\/v2\/posts\/4214"}],"collection":[{"href":"http:\/\/calvaire-hugo.net\/index.php?rest_route=\/wp\/v2\/posts"}],"about":[{"href":"http:\/\/calvaire-hugo.net\/index.php?rest_route=\/wp\/v2\/types\/post"}],"author":[{"embeddable":true,"href":"http:\/\/calvaire-hugo.net\/index.php?rest_route=\/wp\/v2\/users\/2"}],"replies":[{"embeddable":true,"href":"http:\/\/calvaire-hugo.net\/index.php?rest_route=%2Fwp%2Fv2%2Fcomments&post=4214"}],"version-history":[{"count":1,"href":"http:\/\/calvaire-hugo.net\/index.php?rest_route=\/wp\/v2\/posts\/4214\/revisions"}],"predecessor-version":[{"id":4216,"href":"http:\/\/calvaire-hugo.net\/index.php?rest_route=\/wp\/v2\/posts\/4214\/revisions\/4216"}],"wp:attachment":[{"href":"http:\/\/calvaire-hugo.net\/index.php?rest_route=%2Fwp%2Fv2%2Fmedia&parent=4214"}],"wp:term":[{"taxonomy":"category","embeddable":true,"href":"http:\/\/calvaire-hugo.net\/index.php?rest_route=%2Fwp%2Fv2%2Fcategories&post=4214"},{"taxonomy":"post_tag","embeddable":true,"href":"http:\/\/calvaire-hugo.net\/index.php?rest_route=%2Fwp%2Fv2%2Ftags&post=4214"}],"curies":[{"name":"wp","href":"https:\/\/api.w.org\/{rel}","templated":true}]}}