{"id":4188,"date":"2021-09-11T16:43:49","date_gmt":"2021-09-11T14:43:49","guid":{"rendered":"http:\/\/calvaire-hugo.net\/?p=4188"},"modified":"2021-09-11T16:43:49","modified_gmt":"2021-09-11T14:43:49","slug":"journee-portes-ouvertes","status":"publish","type":"post","link":"http:\/\/calvaire-hugo.net\/?p=4188","title":{"rendered":"Journ\u00e9e portes ouvertes"},"content":{"rendered":"\n<div class=\"wp-block-image\"><figure class=\"aligncenter size-large is-resized\"><img loading=\"lazy\" src=\"http:\/\/calvaire-hugo.net\/wp-content\/uploads\/2021\/09\/IMG_20210907_152512-723x964.jpg\" alt=\"\" class=\"wp-image-4191\" width=\"326\" height=\"435\" srcset=\"http:\/\/calvaire-hugo.net\/wp-content\/uploads\/2021\/09\/IMG_20210907_152512-723x964.jpg 723w, http:\/\/calvaire-hugo.net\/wp-content\/uploads\/2021\/09\/IMG_20210907_152512-225x300.jpg 225w, http:\/\/calvaire-hugo.net\/wp-content\/uploads\/2021\/09\/IMG_20210907_152512-768x1024.jpg 768w, http:\/\/calvaire-hugo.net\/wp-content\/uploads\/2021\/09\/IMG_20210907_152512-1152x1536.jpg 1152w, http:\/\/calvaire-hugo.net\/wp-content\/uploads\/2021\/09\/IMG_20210907_152512-1536x2048.jpg 1536w, http:\/\/calvaire-hugo.net\/wp-content\/uploads\/2021\/09\/IMG_20210907_152512-scaled.jpg 1920w\" sizes=\"(max-width: 326px) 100vw, 326px\" \/><\/figure><\/div>\n\n\n\n<p><\/p>\n\n\n\n<p class=\"has-background\" style=\"background-color:#a38000\"><strong>La journ\u00e9e \u00ab\u00a0portes ouvertes\u00a0\u00bb a rencontr\u00e9 un certain succ\u00e8s car tout le monde veut reprendre une vie sociale,  retrouver une activit\u00e9 et  vivre \u00ab\u00a0presque\u00a0\u00bb comme avant !!<\/strong><\/p>\n\n\n\n<p class=\"has-yellow-background-color has-background\"><strong>Monsieur le Maire n&rsquo;a pu se lib\u00e9rer, mais les adjoints \u00e0 la Mairie, V\u00e9ronique Pugeat, Franck Soulignac, Franck Daumas-Diratzonian et Martine Peyralde sont venus nous rendre visite.<\/strong><\/p>\n\n\n\n<p class=\"has-dark-gray-color has-medium-orange-background-color has-text-color has-background\"><strong>Beaucoup de renseignements, d&rsquo;adh\u00e9sions (de nouveaux adh\u00e9rents) et de r\u00e9adh\u00e9sions ont \u00e9t\u00e9 r\u00e9alis\u00e9s ce mardi 7 septembre.<\/strong><\/p>\n\n\n\n<p class=\"has-text-color\" style=\"color:#a30009\"><strong>Vous aussi, venez nous rendre visite, les activit\u00e9s, toutes confondues, reprendront \u00e0 partir du lundi 20 septembre. <\/strong><\/p>\n","protected":false},"excerpt":{"rendered":"<p>La journ\u00e9e \u00ab\u00a0portes ouvertes\u00a0\u00bb a rencontr\u00e9 un certain succ\u00e8s car tout le monde veut reprendre une vie sociale, retrouver une activit\u00e9 et vivre \u00ab\u00a0presque\u00a0\u00bb comme avant !! Monsieur le Maire n&rsquo;a pu se lib\u00e9rer, mais les adjoints \u00e0 la Mairie, V\u00e9ronique Pugeat, Franck Soulignac, Franck Daumas-Diratzonian et Martine Peyralde sont venus nous rendre visite. Beaucoup &hellip; <a href=\"http:\/\/calvaire-hugo.net\/?p=4188\" class=\"more-link\">Continuer la lecture de <span class=\"screen-reader-text\">Journ\u00e9e portes ouvertes<\/span> <span class=\"meta-nav\">&rarr;<\/span><\/a><\/p>\n","protected":false},"author":2,"featured_media":0,"comment_status":"open","ping_status":"open","sticky":false,"template":"","format":"standard","meta":[],"categories":[14],"tags":[],"_links":{"self":[{"href":"http:\/\/calvaire-hugo.net\/index.php?rest_route=\/wp\/v2\/posts\/4188"}],"collection":[{"href":"http:\/\/calvaire-hugo.net\/index.php?rest_route=\/wp\/v2\/posts"}],"about":[{"href":"http:\/\/calvaire-hugo.net\/index.php?rest_route=\/wp\/v2\/types\/post"}],"author":[{"embeddable":true,"href":"http:\/\/calvaire-hugo.net\/index.php?rest_route=\/wp\/v2\/users\/2"}],"replies":[{"embeddable":true,"href":"http:\/\/calvaire-hugo.net\/index.php?rest_route=%2Fwp%2Fv2%2Fcomments&post=4188"}],"version-history":[{"count":1,"href":"http:\/\/calvaire-hugo.net\/index.php?rest_route=\/wp\/v2\/posts\/4188\/revisions"}],"predecessor-version":[{"id":4192,"href":"http:\/\/calvaire-hugo.net\/index.php?rest_route=\/wp\/v2\/posts\/4188\/revisions\/4192"}],"wp:attachment":[{"href":"http:\/\/calvaire-hugo.net\/index.php?rest_route=%2Fwp%2Fv2%2Fmedia&parent=4188"}],"wp:term":[{"taxonomy":"category","embeddable":true,"href":"http:\/\/calvaire-hugo.net\/index.php?rest_route=%2Fwp%2Fv2%2Fcategories&post=4188"},{"taxonomy":"post_tag","embeddable":true,"href":"http:\/\/calvaire-hugo.net\/index.php?rest_route=%2Fwp%2Fv2%2Ftags&post=4188"}],"curies":[{"name":"wp","href":"https:\/\/api.w.org\/{rel}","templated":true}]}}