{"id":3770,"date":"2020-09-13T11:44:44","date_gmt":"2020-09-13T09:44:44","guid":{"rendered":"http:\/\/calvaire-hugo.net\/?p=3770"},"modified":"2020-09-13T11:44:44","modified_gmt":"2020-09-13T09:44:44","slug":"cest-la-rentree","status":"publish","type":"post","link":"http:\/\/calvaire-hugo.net\/?p=3770","title":{"rendered":"C&rsquo;est la rentr\u00e9e"},"content":{"rendered":"\n<div class=\"wp-block-image\"><figure class=\"aligncenter size-large is-resized\"><img loading=\"lazy\" src=\"http:\/\/calvaire-hugo.net\/wp-content\/uploads\/2020\/09\/2635682033807242180-964x723.jpg\" alt=\"\" class=\"wp-image-3769\" width=\"400\" height=\"299\" srcset=\"http:\/\/calvaire-hugo.net\/wp-content\/uploads\/2020\/09\/2635682033807242180-964x723.jpg 964w, http:\/\/calvaire-hugo.net\/wp-content\/uploads\/2020\/09\/2635682033807242180-300x225.jpg 300w, http:\/\/calvaire-hugo.net\/wp-content\/uploads\/2020\/09\/2635682033807242180-768x576.jpg 768w, http:\/\/calvaire-hugo.net\/wp-content\/uploads\/2020\/09\/2635682033807242180-1536x1152.jpg 1536w, http:\/\/calvaire-hugo.net\/wp-content\/uploads\/2020\/09\/2635682033807242180.jpg 1600w\" sizes=\"(max-width: 400px) 100vw, 400px\" \/><\/figure><\/div>\n\n\n\n<p>Ce vendredi 11 septembre, le Comit\u00e9 \u00e0 r\u00e9ouvert ses portes pour les inscriptions des nouveaux et anciens adh\u00e9rents.<\/p>\n\n\n\n<p>Malgr\u00e9 le contexte actuel de nombreux visiteurs sont venus . Bien s\u00fbr toutes les consignes sanitaires \u00e9taient respect\u00e9es : port du masque, distanciation, gel hydroalcoolique.<\/p>\n\n\n\n<p>Monsieur le Maire, Nicolas Daragon, accompagn\u00e9 de nombreux \u00e9lus est venu nous rendre visite \u00e0 cette occasion. Nous le remercions vivement.<\/p>\n\n\n\n<p>Les activit\u00e9s vont reprendre d\u00e8s la semaine prochaine et suivant des effectifs correspondant au respect des distances dans les salles.<\/p>\n","protected":false},"excerpt":{"rendered":"<p>Ce vendredi 11 septembre, le Comit\u00e9 \u00e0 r\u00e9ouvert ses portes pour les inscriptions des nouveaux et anciens adh\u00e9rents. Malgr\u00e9 le contexte actuel de nombreux visiteurs sont venus . Bien s\u00fbr toutes les consignes sanitaires \u00e9taient respect\u00e9es : port du masque, distanciation, gel hydroalcoolique. Monsieur le Maire, Nicolas Daragon, accompagn\u00e9 de nombreux \u00e9lus est venu nous &hellip; <a href=\"http:\/\/calvaire-hugo.net\/?p=3770\" class=\"more-link\">Continuer la lecture de <span class=\"screen-reader-text\">C&rsquo;est la rentr\u00e9e<\/span> <span class=\"meta-nav\">&rarr;<\/span><\/a><\/p>\n","protected":false},"author":2,"featured_media":0,"comment_status":"open","ping_status":"open","sticky":false,"template":"","format":"image","meta":[],"categories":[14],"tags":[],"_links":{"self":[{"href":"http:\/\/calvaire-hugo.net\/index.php?rest_route=\/wp\/v2\/posts\/3770"}],"collection":[{"href":"http:\/\/calvaire-hugo.net\/index.php?rest_route=\/wp\/v2\/posts"}],"about":[{"href":"http:\/\/calvaire-hugo.net\/index.php?rest_route=\/wp\/v2\/types\/post"}],"author":[{"embeddable":true,"href":"http:\/\/calvaire-hugo.net\/index.php?rest_route=\/wp\/v2\/users\/2"}],"replies":[{"embeddable":true,"href":"http:\/\/calvaire-hugo.net\/index.php?rest_route=%2Fwp%2Fv2%2Fcomments&post=3770"}],"version-history":[{"count":1,"href":"http:\/\/calvaire-hugo.net\/index.php?rest_route=\/wp\/v2\/posts\/3770\/revisions"}],"predecessor-version":[{"id":3771,"href":"http:\/\/calvaire-hugo.net\/index.php?rest_route=\/wp\/v2\/posts\/3770\/revisions\/3771"}],"wp:attachment":[{"href":"http:\/\/calvaire-hugo.net\/index.php?rest_route=%2Fwp%2Fv2%2Fmedia&parent=3770"}],"wp:term":[{"taxonomy":"category","embeddable":true,"href":"http:\/\/calvaire-hugo.net\/index.php?rest_route=%2Fwp%2Fv2%2Fcategories&post=3770"},{"taxonomy":"post_tag","embeddable":true,"href":"http:\/\/calvaire-hugo.net\/index.php?rest_route=%2Fwp%2Fv2%2Ftags&post=3770"}],"curies":[{"name":"wp","href":"https:\/\/api.w.org\/{rel}","templated":true}]}}