{"id":3764,"date":"2020-07-14T21:18:07","date_gmt":"2020-07-14T19:18:07","guid":{"rendered":"http:\/\/calvaire-hugo.net\/?p=3764"},"modified":"2020-09-16T21:51:20","modified_gmt":"2020-09-16T19:51:20","slug":"avis-de-deces-de-madame-mauricette-ceres-marnat","status":"publish","type":"post","link":"http:\/\/calvaire-hugo.net\/?p=3764","title":{"rendered":"D\u00e9c\u00e8s de Madame Mauricette C\u00e9r\u00e8s MARNAT"},"content":{"rendered":"\n<p>Son d\u00e9part aura \u00e9t\u00e9 doux comme une bougie qui s&rsquo;\u00e9teint et sans souffrance. Merci de tous vos t\u00e9moignages qui nous vont droit au c\u0153ur.<\/p>\n\n\n\n<p>Axelle, Nathalie, Delphine, ses filles, Fran\u00e7ois Arghittu, son gendre Agathe, Annabelle, Youri, L\u00e9andre, Sacha, Julie, ses petits-enfants, ont la tristesse d&rsquo;annoncer \u00e0 tous ceux qui l&rsquo;ont appr\u00e9ci\u00e9e et \u00e9cout\u00e9e la disparition de<\/p>\n\n\n\n<h2>Madame Mauricette C\u00e9r\u00e8s MARNAT <\/h2>\n\n\n\n<p>survenue le 6 juillet 2020, \u00e0 l&rsquo;\u00e2ge de 85 ans.<\/p>\n\n\n\n<p><strong>Une messe sera c\u00e9l\u00e9br\u00e9e vendredi 17 juillet \u00e0 11h30 en la chapelle Saint-Joseph,<br>10 chemin Saint-Joseph, \u00e0 Valence 26000<\/strong><\/p>\n\n\n\n<p>Ensuite, un d\u00e9jeuner dans son jardin r\u00e9unira ses amis.<\/p>\n\n\n\n<div class=\"wp-block-image\"><figure class=\"aligncenter size-large is-resized\"><img loading=\"lazy\" src=\"http:\/\/calvaire-hugo.net\/wp-content\/uploads\/2020\/07\/IMG_6535_33-pc.jpg\" alt=\"\" class=\"wp-image-3765\" width=\"174\" height=\"224\" srcset=\"http:\/\/calvaire-hugo.net\/wp-content\/uploads\/2020\/07\/IMG_6535_33-pc.jpg 396w, http:\/\/calvaire-hugo.net\/wp-content\/uploads\/2020\/07\/IMG_6535_33-pc-232x300.jpg 232w\" sizes=\"(max-width: 174px) 100vw, 174px\" \/><\/figure><\/div>\n","protected":false},"excerpt":{"rendered":"<p>Son d\u00e9part aura \u00e9t\u00e9 doux comme une bougie qui s&rsquo;\u00e9teint et sans souffrance. Merci de tous vos t\u00e9moignages qui nous vont droit au c\u0153ur. Axelle, Nathalie, Delphine, ses filles, Fran\u00e7ois Arghittu, son gendre Agathe, Annabelle, Youri, L\u00e9andre, Sacha, Julie, ses petits-enfants, ont la tristesse d&rsquo;annoncer \u00e0 tous ceux qui l&rsquo;ont appr\u00e9ci\u00e9e et \u00e9cout\u00e9e la disparition &hellip; <a href=\"http:\/\/calvaire-hugo.net\/?p=3764\" class=\"more-link\">Continuer la lecture de <span class=\"screen-reader-text\">D\u00e9c\u00e8s de Madame Mauricette C\u00e9r\u00e8s MARNAT<\/span> <span class=\"meta-nav\">&rarr;<\/span><\/a><\/p>\n","protected":false},"author":3,"featured_media":0,"comment_status":"open","ping_status":"open","sticky":false,"template":"","format":"image","meta":[],"categories":[1],"tags":[],"_links":{"self":[{"href":"http:\/\/calvaire-hugo.net\/index.php?rest_route=\/wp\/v2\/posts\/3764"}],"collection":[{"href":"http:\/\/calvaire-hugo.net\/index.php?rest_route=\/wp\/v2\/posts"}],"about":[{"href":"http:\/\/calvaire-hugo.net\/index.php?rest_route=\/wp\/v2\/types\/post"}],"author":[{"embeddable":true,"href":"http:\/\/calvaire-hugo.net\/index.php?rest_route=\/wp\/v2\/users\/3"}],"replies":[{"embeddable":true,"href":"http:\/\/calvaire-hugo.net\/index.php?rest_route=%2Fwp%2Fv2%2Fcomments&post=3764"}],"version-history":[{"count":2,"href":"http:\/\/calvaire-hugo.net\/index.php?rest_route=\/wp\/v2\/posts\/3764\/revisions"}],"predecessor-version":[{"id":3767,"href":"http:\/\/calvaire-hugo.net\/index.php?rest_route=\/wp\/v2\/posts\/3764\/revisions\/3767"}],"wp:attachment":[{"href":"http:\/\/calvaire-hugo.net\/index.php?rest_route=%2Fwp%2Fv2%2Fmedia&parent=3764"}],"wp:term":[{"taxonomy":"category","embeddable":true,"href":"http:\/\/calvaire-hugo.net\/index.php?rest_route=%2Fwp%2Fv2%2Fcategories&post=3764"},{"taxonomy":"post_tag","embeddable":true,"href":"http:\/\/calvaire-hugo.net\/index.php?rest_route=%2Fwp%2Fv2%2Ftags&post=3764"}],"curies":[{"name":"wp","href":"https:\/\/api.w.org\/{rel}","templated":true}]}}