{"id":3741,"date":"2020-06-25T16:52:54","date_gmt":"2020-06-25T14:52:54","guid":{"rendered":"http:\/\/calvaire-hugo.net\/?p=3741"},"modified":"2020-06-25T17:33:48","modified_gmt":"2020-06-25T15:33:48","slug":"bonnes-vacances-dete","status":"publish","type":"post","link":"http:\/\/calvaire-hugo.net\/?p=3741","title":{"rendered":"Passez de bonnes vacances   d&rsquo;\u00e9t\u00e9"},"content":{"rendered":"\n<p class=\"has-background has-medium-orange-background-color\">L&rsquo;\u00e9t\u00e9, cette ann\u00e9e, est un peu sp\u00e9cial mais le Comit\u00e9 vous donne rendez-vous le <strong>VENDREDI 11 SEPTEMBRE de 10h \u00e0 17h POUR LES INSCRIPTIONS<\/strong>.                               NOUS NE PARTICIPERONS PAS AU FORUM DES ASSOCIATIONS.                                              <\/p>\n\n\n\n<div class=\"wp-block-image\"><figure class=\"aligncenter size-medium is-resized\"><img loading=\"lazy\" src=\"http:\/\/calvaire-hugo.net\/wp-content\/uploads\/2020\/06\/vacances-300x150.jpg\" alt=\"\" class=\"wp-image-3740\" width=\"300\" height=\"150\" srcset=\"http:\/\/calvaire-hugo.net\/wp-content\/uploads\/2020\/06\/vacances-300x150.jpg 300w, http:\/\/calvaire-hugo.net\/wp-content\/uploads\/2020\/06\/vacances.jpg 318w\" sizes=\"(max-width: 300px) 100vw, 300px\" \/><\/figure><\/div>\n\n\n\n<p class=\"has-background has-yellow-background-color\">Vous retrouverez tous les renseignements dans les diff\u00e9rents onglets (lieu, horaires, tarifs. Cette ann\u00e9e 2 nouveaut\u00e9s : rencontre mensuelle autour des livres et notions de peinture \u00e0 l&rsquo;huile. Reprise des activit\u00e9s \u00e0 partir du 14 Septembre<\/p>\n\n\n\n<p style=\"background-color:#a39300\" class=\"has-background\">Le Comit\u00e9 vous souhaite un bel \u00e9t\u00e9 et a h\u00e2te de vous retrouver. Tout sera mis en place pour vous assurer une reprise dans des conditions sanitaires satisfaisantes<\/p>\n","protected":false},"excerpt":{"rendered":"<p>L&rsquo;\u00e9t\u00e9, cette ann\u00e9e, est un peu sp\u00e9cial mais le Comit\u00e9 vous donne rendez-vous le VENDREDI 11 SEPTEMBRE de 10h \u00e0 17h POUR LES INSCRIPTIONS. NOUS NE PARTICIPERONS PAS AU FORUM DES ASSOCIATIONS. Vous retrouverez tous les renseignements dans les diff\u00e9rents onglets (lieu, horaires, tarifs. Cette ann\u00e9e 2 nouveaut\u00e9s : rencontre mensuelle autour des livres et &hellip; <a href=\"http:\/\/calvaire-hugo.net\/?p=3741\" class=\"more-link\">Continuer la lecture de <span class=\"screen-reader-text\">Passez de bonnes vacances   d&rsquo;\u00e9t\u00e9<\/span> <span class=\"meta-nav\">&rarr;<\/span><\/a><\/p>\n","protected":false},"author":2,"featured_media":0,"comment_status":"open","ping_status":"open","sticky":false,"template":"","format":"image","meta":[],"categories":[9],"tags":[],"_links":{"self":[{"href":"http:\/\/calvaire-hugo.net\/index.php?rest_route=\/wp\/v2\/posts\/3741"}],"collection":[{"href":"http:\/\/calvaire-hugo.net\/index.php?rest_route=\/wp\/v2\/posts"}],"about":[{"href":"http:\/\/calvaire-hugo.net\/index.php?rest_route=\/wp\/v2\/types\/post"}],"author":[{"embeddable":true,"href":"http:\/\/calvaire-hugo.net\/index.php?rest_route=\/wp\/v2\/users\/2"}],"replies":[{"embeddable":true,"href":"http:\/\/calvaire-hugo.net\/index.php?rest_route=%2Fwp%2Fv2%2Fcomments&post=3741"}],"version-history":[{"count":2,"href":"http:\/\/calvaire-hugo.net\/index.php?rest_route=\/wp\/v2\/posts\/3741\/revisions"}],"predecessor-version":[{"id":3759,"href":"http:\/\/calvaire-hugo.net\/index.php?rest_route=\/wp\/v2\/posts\/3741\/revisions\/3759"}],"wp:attachment":[{"href":"http:\/\/calvaire-hugo.net\/index.php?rest_route=%2Fwp%2Fv2%2Fmedia&parent=3741"}],"wp:term":[{"taxonomy":"category","embeddable":true,"href":"http:\/\/calvaire-hugo.net\/index.php?rest_route=%2Fwp%2Fv2%2Fcategories&post=3741"},{"taxonomy":"post_tag","embeddable":true,"href":"http:\/\/calvaire-hugo.net\/index.php?rest_route=%2Fwp%2Fv2%2Ftags&post=3741"}],"curies":[{"name":"wp","href":"https:\/\/api.w.org\/{rel}","templated":true}]}}